{"id":792,"date":"2024-02-08T18:45:38","date_gmt":"2024-02-08T18:45:38","guid":{"rendered":"https:\/\/www.aukjessattelkammer.de\/?p=792"},"modified":"2024-02-08T18:55:41","modified_gmt":"2024-02-08T18:55:41","slug":"2024-ein-neuer-anfang","status":"publish","type":"post","link":"https:\/\/www.aukjessattelkammer.de\/?p=792","title":{"rendered":"2024 &#8211; Ein neuer Anfang!"},"content":{"rendered":"\n<p><img loading=\"lazy\" decoding=\"async\" width=\"1080\" height=\"720\" class=\"wp-image-794\" style=\"width: 1080px;\" src=\"https:\/\/www.aukjessattelkammer.de\/wp-content\/uploads\/2024\/02\/jessi.jpg\" alt=\"Jessi und Deseado - \" srcset=\"https:\/\/www.aukjessattelkammer.de\/wp-content\/uploads\/2024\/02\/jessi.jpg 2048w, https:\/\/www.aukjessattelkammer.de\/wp-content\/uploads\/2024\/02\/jessi-300x200.jpg 300w, https:\/\/www.aukjessattelkammer.de\/wp-content\/uploads\/2024\/02\/jessi-1024x683.jpg 1024w, https:\/\/www.aukjessattelkammer.de\/wp-content\/uploads\/2024\/02\/jessi-768x512.jpg 768w, https:\/\/www.aukjessattelkammer.de\/wp-content\/uploads\/2024\/02\/jessi-1536x1024.jpg 1536w, https:\/\/www.aukjessattelkammer.de\/wp-content\/uploads\/2024\/02\/jessi-330x220.jpg 330w\" sizes=\"(max-width: 1080px) 100vw, 1080px\" \/><\/p>\n\n\n\n<p>Hallo ihr Lieben,<\/p>\n\n\n\n<p>seit Anfang des Jahres stehe ich jetzt f\u00fcr Euch in der neuen, alten Sattelkammer.<\/p>\n\n\n\n<p>Kneif mich bitte einer mal! Es macht unglaublich viel Spa\u00df, Euch alle pers\u00f6nlich kennen zu lernen.<\/p>\n\n\n\n<p>Ich <a><\/a>hoffe, Euch mit meinem Knowhow weiterhin so gut behilflich sein zu k\u00f6nnen, wie es Aukje die ganze Zeit \u00fcber war. Jahrelang war ich als Trainerin und Therapeutin unterwegs.<\/p>\n\n\n\n<p>Falls ihr schauen m\u00f6chtet, was ich vor Deiner Sattelkammer gemacht habe, besucht gernemeine Seite <a rel=\"noreferrer noopener\" href=\"https:\/\/l.facebook.com\/l.php?u=https%3A%2F%2Fwww.jessica-liedmeier.de%2F%3Ffbclid%3DIwAR3dL2KgmBYaSv4VBvPqPvOOZFLvMUe1p3n2cRxDF9Yn72azJkEhMb9kVzE&amp;h=AT2Z8inmxn1SFO1XR1f4EJQSeh4OcJ0mgjPqH7g3yiiUAgoFQOgkMew0CypEVRlcPpP63aVviXJq5psp4nRqdi__UTpCLHxbp7MHVfJLO7zQzFGKM6OOJkmqrEA8z_EQEuhiTYgeDA&amp;__tn__=-UK-R&amp;c[0]=AT1ZgCS9j99Mof7yx3leGqt--h7m2k69wdz29H4Nutx7MUWLzCrurnGETIqOZw55CC6oC6y--i7mSFO0U3y3ObK9m03jpqFP89R5-R61Oi_QsRQfXUhLOuuiToAk_axfoaQ4YfLB63Nc2tNO87w7E3-JFtrfQ9iEF4L0uOjGgbZtxJmwyl_ByKR1R1N382nnQabhiqmkm19tbPny\" target=\"_blank\">https:\/\/www.jessica-liedmeier.de.<\/a> Dort bekommt ihr einen ersten Eindruck von mir und meiner Arbeit.<\/p>\n\n\n\n<p>Warum aber wird aus Aukjes Sattelkammer Deine Sattelkammer? Ihr als KundInnen habt das Gesch\u00e4ft jahrelang begleitet und zu dem gemacht, was es jetzt ist. Daf\u00fcr wollte ich Euch mit der Namens\u00e4nderung danken und jeden einzelnen von Euch pers\u00f6nlich ansprechen.<\/p>\n\n\n\n<p>Mein Team und ich werden 2024 mit vollem Einsatz und viel Liebe zum Detail daran arbeiten, einen Ort zu schaffen, an dem Ihr Euch inspirieren lassen k\u00f6nnt.<\/p>\n\n\n\n<p>Eure Zufriedenheit liegt uns am Herzen, und wir sind hier, um Euch bei allen Fragen behilflich zu sein. Schaut Euch um, entdeckt die Vielfalt und vor allem: f\u00fchlt Euch wie zu Hause.<\/p>\n\n\n\n<p>Vielen Dank, dass Ihr Teil dieses besonderen Moments f\u00fcr mich seid. <br><br>Regelm\u00e4\u00dfige News und Angebote findet ihr auch auf <a rel=\"noreferrer noopener\" href=\"https:\/\/www.facebook.com\/profile.php?id=61555292275253\" target=\"_blank\">Facebook<\/a> oder <a rel=\"noreferrer noopener\" href=\"https:\/\/www.instagram.com\/deinesattelkammer\" target=\"_blank\">Instagram<\/a>. <\/p>\n\n\n\n<p>Liebe Gr\u00fc\u00dfe,<\/p>\n\n\n\n<p>Jessi und das gesamte Deine Sattelkammer-Team<\/p>\n","protected":false},"excerpt":{"rendered":"<p>Hallo ihr Lieben, seit Anfang des Jahres stehe ich jetzt f\u00fcr Euch in der neuen, alten Sattelkammer. Kneif mich bitte einer mal! Es macht unglaublich viel Spa\u00df, Euch alle pers\u00f6nlich kennen zu lernen. Ich hoffe, Euch mit meinem Knowhow weiterhin so gut behilflich sein zu k\u00f6nnen, wie es Aukje die ganze Zeit \u00fcber war. Jahrelang [&hellip;]<\/p>\n","protected":false},"author":2,"featured_media":0,"comment_status":"closed","ping_status":"open","sticky":false,"template":"","format":"standard","meta":{"footnotes":""},"categories":[1],"tags":[],"_links":{"self":[{"href":"https:\/\/www.aukjessattelkammer.de\/index.php?rest_route=\/wp\/v2\/posts\/792"}],"collection":[{"href":"https:\/\/www.aukjessattelkammer.de\/index.php?rest_route=\/wp\/v2\/posts"}],"about":[{"href":"https:\/\/www.aukjessattelkammer.de\/index.php?rest_route=\/wp\/v2\/types\/post"}],"author":[{"embeddable":true,"href":"https:\/\/www.aukjessattelkammer.de\/index.php?rest_route=\/wp\/v2\/users\/2"}],"replies":[{"embeddable":true,"href":"https:\/\/www.aukjessattelkammer.de\/index.php?rest_route=%2Fwp%2Fv2%2Fcomments&post=792"}],"version-history":[{"count":4,"href":"https:\/\/www.aukjessattelkammer.de\/index.php?rest_route=\/wp\/v2\/posts\/792\/revisions"}],"predecessor-version":[{"id":798,"href":"https:\/\/www.aukjessattelkammer.de\/index.php?rest_route=\/wp\/v2\/posts\/792\/revisions\/798"}],"wp:attachment":[{"href":"https:\/\/www.aukjessattelkammer.de\/index.php?rest_route=%2Fwp%2Fv2%2Fmedia&parent=792"}],"wp:term":[{"taxonomy":"category","embeddable":true,"href":"https:\/\/www.aukjessattelkammer.de\/index.php?rest_route=%2Fwp%2Fv2%2Fcategories&post=792"},{"taxonomy":"post_tag","embeddable":true,"href":"https:\/\/www.aukjessattelkammer.de\/index.php?rest_route=%2Fwp%2Fv2%2Ftags&post=792"}],"curies":[{"name":"wp","href":"https:\/\/api.w.org\/{rel}","templated":true}]}}