{"id":740,"date":"2023-12-11T11:58:56","date_gmt":"2023-12-11T11:58:56","guid":{"rendered":"https:\/\/www.aukjessattelkammer.de\/?p=740"},"modified":"2024-02-05T19:00:23","modified_gmt":"2024-02-05T19:00:23","slug":"geschaeftsuebergabe","status":"publish","type":"post","link":"https:\/\/www.aukjessattelkammer.de\/?p=740","title":{"rendered":"Gesch\u00e4fts\u00fcbergabe"},"content":{"rendered":"\n<p>Liebe KundInnen,<\/p>\n\n\n\n<p>wie Ihr schon lange mitbekommen habt, bin ich in die Eifel gezogen und konnte dort einen weiteren Traum von mir verwirklichen: den Ferienhof G\u00f6rgenhof, ein famili\u00e4rer Bauernhof, auf dem Jung und Alt eine sch\u00f6ne Zeit mit uns und unseren Tieren in einer wundersch\u00f6nen Umgebung verbringen k\u00f6nnen.<\/p>\n\n\n\n<p>Mein Plan war eigentlich beides h\u00e4ndeln zu k\u00f6nnen, den Ferienhof in der Eifel und Aukjes Sattelkammer. Doch ich musste mir eingestehen, dass ich das einfach nicht schaffe. Mein Laden braucht jemanden vor Ort, der Euch zuh\u00f6rt und unmittelbar auf Eure Bed\u00fcrfnisse eingehen kann. Jemand, der das Gesch\u00e4ft lebt und liebt.<\/p>\n\n\n\n<p>Ich kann das nicht mehr erf\u00fcllen und musste mich entscheiden: Ich habe eine hochmotivierte Freundin gefunden und werde Aukjes Sattelkammer in ihre H\u00e4nde \u00fcbergeben. Es ist eine gute Entscheidung, denn sie wird mein Gesch\u00e4ft mit der gleichen Leidenschaft und Hingabe f\u00fchren, die Ihr von mir gewohnt seid.<\/p>\n\n\n\n<p>Meine Nachfolgerin, Jessica Liedmeier, ist bereits seit vielen Jahren im Reitsportbereich t\u00e4tig (Therapeutin, Hufbearbeiterin und Trainerin) und verf\u00fcgt \u00fcber umfassende Erfahrung und Fachwissen. Ich bin mir zu 100% sicher, dass sie das Gesch\u00e4ft erfolgreich weiterf\u00fchren wird und Euch weiterhin hochwertige Produkte und exzellenten Service bieten wird.<\/p>\n\n\n\n<p>Meine Mitarbeiterin Frauke wird Euch als bekanntes Gesicht auf der Verkaufsfl\u00e4che erhalten bleiben.<\/p>\n\n\n\n<p>Ich selber werde nat\u00fcrlich nicht weg sein. Vor Ort bin ich \u00f6fters und zu Festen und Feiern bin ich auch da.<\/p>\n\n\n\n<p>Ab dem 01.01.2024 wird Jessi das Reitsportgesch\u00e4ft \u00fcbernehmen.<\/p>\n\n\n\n<p>Ich bin so gl\u00fccklich, dass Ihr in guten H\u00e4nden seid und dass mein Gesch\u00e4ft unter neuer Leitung weiterleben wird. Es ist ein Abschied mit einem lachenden und einem weinenden Auge, denn ich werde Euch ALLE vermissen! Nicht jedes Gesch\u00e4ft kann sich \u00fcber so eine tolle und treue Kundschaft freuen. Ich w\u00fcnsche Euch weiterhin viel Freude am Reitsport und bedanke mich von ganzem Herzen f\u00fcr Eure Unterst\u00fctzung in all den Jahren. VIELEN VIELEN DANK!!!<\/p>\n\n\n\n<p>Eure Aukje<\/p>\n\n\n\n<figure class=\"wp-block-image size-large\"><a href=\"https:\/\/www.aukjessattelkammer.de\/wp-content\/uploads\/2023\/12\/aukjessi-scaled.jpg\"><img loading=\"lazy\" decoding=\"async\" width=\"683\" height=\"1024\" src=\"https:\/\/www.aukjessattelkammer.de\/wp-content\/uploads\/2023\/12\/aukjessi-683x1024.jpg\" alt=\"\" class=\"wp-image-741\" srcset=\"https:\/\/www.aukjessattelkammer.de\/wp-content\/uploads\/2023\/12\/aukjessi-683x1024.jpg 683w, https:\/\/www.aukjessattelkammer.de\/wp-content\/uploads\/2023\/12\/aukjessi-200x300.jpg 200w, https:\/\/www.aukjessattelkammer.de\/wp-content\/uploads\/2023\/12\/aukjessi-768x1152.jpg 768w, https:\/\/www.aukjessattelkammer.de\/wp-content\/uploads\/2023\/12\/aukjessi-1024x1536.jpg 1024w, https:\/\/www.aukjessattelkammer.de\/wp-content\/uploads\/2023\/12\/aukjessi-1365x2048.jpg 1365w, https:\/\/www.aukjessattelkammer.de\/wp-content\/uploads\/2023\/12\/aukjessi-147x220.jpg 147w, https:\/\/www.aukjessattelkammer.de\/wp-content\/uploads\/2023\/12\/aukjessi-scaled.jpg 1706w\" sizes=\"(max-width: 683px) 100vw, 683px\" \/><\/a><\/figure>\n","protected":false},"excerpt":{"rendered":"<p>Liebe KundInnen, wie Ihr schon lange mitbekommen habt, bin ich in die Eifel gezogen und konnte dort einen weiteren Traum von mir verwirklichen: den Ferienhof G\u00f6rgenhof, ein famili\u00e4rer Bauernhof, auf dem Jung und Alt eine sch\u00f6ne Zeit mit uns und unseren Tieren in einer wundersch\u00f6nen Umgebung verbringen k\u00f6nnen. Mein Plan war eigentlich beides h\u00e4ndeln zu [&hellip;]<\/p>\n","protected":false},"author":2,"featured_media":0,"comment_status":"closed","ping_status":"open","sticky":false,"template":"","format":"standard","meta":{"footnotes":""},"categories":[1],"tags":[],"_links":{"self":[{"href":"https:\/\/www.aukjessattelkammer.de\/index.php?rest_route=\/wp\/v2\/posts\/740"}],"collection":[{"href":"https:\/\/www.aukjessattelkammer.de\/index.php?rest_route=\/wp\/v2\/posts"}],"about":[{"href":"https:\/\/www.aukjessattelkammer.de\/index.php?rest_route=\/wp\/v2\/types\/post"}],"author":[{"embeddable":true,"href":"https:\/\/www.aukjessattelkammer.de\/index.php?rest_route=\/wp\/v2\/users\/2"}],"replies":[{"embeddable":true,"href":"https:\/\/www.aukjessattelkammer.de\/index.php?rest_route=%2Fwp%2Fv2%2Fcomments&post=740"}],"version-history":[{"count":1,"href":"https:\/\/www.aukjessattelkammer.de\/index.php?rest_route=\/wp\/v2\/posts\/740\/revisions"}],"predecessor-version":[{"id":742,"href":"https:\/\/www.aukjessattelkammer.de\/index.php?rest_route=\/wp\/v2\/posts\/740\/revisions\/742"}],"wp:attachment":[{"href":"https:\/\/www.aukjessattelkammer.de\/index.php?rest_route=%2Fwp%2Fv2%2Fmedia&parent=740"}],"wp:term":[{"taxonomy":"category","embeddable":true,"href":"https:\/\/www.aukjessattelkammer.de\/index.php?rest_route=%2Fwp%2Fv2%2Fcategories&post=740"},{"taxonomy":"post_tag","embeddable":true,"href":"https:\/\/www.aukjessattelkammer.de\/index.php?rest_route=%2Fwp%2Fv2%2Ftags&post=740"}],"curies":[{"name":"wp","href":"https:\/\/api.w.org\/{rel}","templated":true}]}}