{"id":470,"date":"2020-04-20T09:42:55","date_gmt":"2020-04-20T09:42:55","guid":{"rendered":"http:\/\/www.aukjessattelkammer.de\/?p=470"},"modified":"2020-05-07T13:30:23","modified_gmt":"2020-05-07T13:30:23","slug":"wir-haben-geoeffnet","status":"publish","type":"post","link":"https:\/\/www.aukjessattelkammer.de\/?p=470","title":{"rendered":"WIR HABEN GE\u00d6FFNET!"},"content":{"rendered":"\n<p>Liebe Kunden, wir haben wieder normal f\u00fcr Euch ge\u00f6ffnet! &#x1f973;<br> <br> Bitte denkt an die Maskenpflicht und seid trotzdem weiterhin umsichtig und r\u00fccksichtsvoll im Umgang miteinander. Ihr habt das in den letzten Wochen so super hinbekommen!<br> <br> Das Team von Aukjes Sattelkammer freut sich auf Euch! &#x1f929;<\/p>\n\n\n\n<figure class=\"wp-block-image size-large\"><img loading=\"lazy\" decoding=\"async\" width=\"682\" height=\"1024\" src=\"https:\/\/www.aukjessattelkammer.de\/wp-content\/uploads\/2020\/04\/c37c6f8f-1f4c-4ad7-ba04-9c027070b4df-682x1024.jpg\" alt=\"\" class=\"wp-image-472\" srcset=\"https:\/\/www.aukjessattelkammer.de\/wp-content\/uploads\/2020\/04\/c37c6f8f-1f4c-4ad7-ba04-9c027070b4df-682x1024.jpg 682w, https:\/\/www.aukjessattelkammer.de\/wp-content\/uploads\/2020\/04\/c37c6f8f-1f4c-4ad7-ba04-9c027070b4df-200x300.jpg 200w, https:\/\/www.aukjessattelkammer.de\/wp-content\/uploads\/2020\/04\/c37c6f8f-1f4c-4ad7-ba04-9c027070b4df-768x1153.jpg 768w, https:\/\/www.aukjessattelkammer.de\/wp-content\/uploads\/2020\/04\/c37c6f8f-1f4c-4ad7-ba04-9c027070b4df-1023x1536.jpg 1023w, https:\/\/www.aukjessattelkammer.de\/wp-content\/uploads\/2020\/04\/c37c6f8f-1f4c-4ad7-ba04-9c027070b4df-147x220.jpg 147w, https:\/\/www.aukjessattelkammer.de\/wp-content\/uploads\/2020\/04\/c37c6f8f-1f4c-4ad7-ba04-9c027070b4df.jpg 1066w\" sizes=\"(max-width: 682px) 100vw, 682px\" \/><\/figure>\n","protected":false},"excerpt":{"rendered":"<p>Liebe Kunden, wir haben wieder normal f\u00fcr Euch ge\u00f6ffnet! &#x1f973; Bitte denkt an die Maskenpflicht und seid trotzdem weiterhin umsichtig und r\u00fccksichtsvoll im Umgang miteinander. Ihr habt das in den letzten Wochen so super hinbekommen! Das Team von Aukjes Sattelkammer freut sich auf Euch! &#x1f929;<\/p>\n","protected":false},"author":2,"featured_media":0,"comment_status":"closed","ping_status":"open","sticky":false,"template":"","format":"standard","meta":{"footnotes":""},"categories":[1],"tags":[],"_links":{"self":[{"href":"https:\/\/www.aukjessattelkammer.de\/index.php?rest_route=\/wp\/v2\/posts\/470"}],"collection":[{"href":"https:\/\/www.aukjessattelkammer.de\/index.php?rest_route=\/wp\/v2\/posts"}],"about":[{"href":"https:\/\/www.aukjessattelkammer.de\/index.php?rest_route=\/wp\/v2\/types\/post"}],"author":[{"embeddable":true,"href":"https:\/\/www.aukjessattelkammer.de\/index.php?rest_route=\/wp\/v2\/users\/2"}],"replies":[{"embeddable":true,"href":"https:\/\/www.aukjessattelkammer.de\/index.php?rest_route=%2Fwp%2Fv2%2Fcomments&post=470"}],"version-history":[{"count":4,"href":"https:\/\/www.aukjessattelkammer.de\/index.php?rest_route=\/wp\/v2\/posts\/470\/revisions"}],"predecessor-version":[{"id":476,"href":"https:\/\/www.aukjessattelkammer.de\/index.php?rest_route=\/wp\/v2\/posts\/470\/revisions\/476"}],"wp:attachment":[{"href":"https:\/\/www.aukjessattelkammer.de\/index.php?rest_route=%2Fwp%2Fv2%2Fmedia&parent=470"}],"wp:term":[{"taxonomy":"category","embeddable":true,"href":"https:\/\/www.aukjessattelkammer.de\/index.php?rest_route=%2Fwp%2Fv2%2Fcategories&post=470"},{"taxonomy":"post_tag","embeddable":true,"href":"https:\/\/www.aukjessattelkammer.de\/index.php?rest_route=%2Fwp%2Fv2%2Ftags&post=470"}],"curies":[{"name":"wp","href":"https:\/\/api.w.org\/{rel}","templated":true}]}}