{"id":209,"date":"2016-11-28T08:54:18","date_gmt":"2016-11-28T08:54:18","guid":{"rendered":"http:\/\/www.aukjessattelkammer.de\/?p=209"},"modified":"2016-11-28T18:00:51","modified_gmt":"2016-11-28T18:00:51","slug":"wochenangebot-vom-28-11-03-12-2016","status":"publish","type":"post","link":"https:\/\/www.aukjessattelkammer.de\/?p=209","title":{"rendered":"Wochenangebot vom 28.11.-03.12.2016"},"content":{"rendered":"<div id=\"js_5tg\" class=\"_5pbx userContent\" data-ft=\"{&quot;tn&quot;:&quot;K&quot;}\">\n<div id=\"id_583bf065d782b0d80810707\" class=\"text_exposed_root text_exposed\">\n<p>Wochenangebot vom 28.11.-03.12.2016<\/p>\n<p>Diese Woche im Angebot: Outdoordecke von Busse ungef\u00fcttert oder mit Fleece f\u00fcr nur 30 \u20ac!!!<\/p>\n<p>Die Regendecke Standard von Busse ist aus 600D Ripstop-Material und ist wasserdicht, winddicht und atmungsaktiv. Sie hat verstellbare Brustverschl\u00fcsse, Gehfalten, Kreuzgurte, Beinschn\u00fcre und Schweiflatz.<\/p>\n<div class=\"text_exposed_show\">\n<p>Sie ist in folgenden Gr\u00f6\u00dfen verf\u00fcgbar:<\/p>\n<p>Mit Fleece-Innenfutter in blau in 115cm und ungef\u00fcttert mit einem Nylonlining in blau in 115cm.<\/p>\n<p>Das Angebot gilt solange der Vorrat reicht.<\/p>\n<p>&nbsp;<\/p>\n<p><img loading=\"lazy\" decoding=\"async\" class=\"scaledImageFitWidth img\" src=\"https:\/\/scontent.ftxl1-1.fna.fbcdn.net\/v\/t1.0-9\/15253394_1259268724144538_661383147217855589_n.jpg?oh=58af41259361edd3556866f7e181c8df&amp;oe=58B5862D\" alt=\"Bild zeigt Pferd, im Freien und eine oder mehrere Personen\" width=\"200\" height=\"148\" \/><\/p>\n<\/div>\n<\/div>\n<\/div>\n","protected":false},"excerpt":{"rendered":"<p>Wochenangebot vom 28.11.-03.12.2016 Diese Woche im Angebot: Outdoordecke von Busse ungef\u00fcttert oder mit Fleece f\u00fcr nur 30 \u20ac!!! Die Regendecke Standard von Busse ist aus 600D Ripstop-Material und ist wasserdicht, winddicht und atmungsaktiv. Sie hat verstellbare Brustverschl\u00fcsse, Gehfalten, Kreuzgurte, Beinschn\u00fcre und Schweiflatz. Sie ist in folgenden Gr\u00f6\u00dfen verf\u00fcgbar: Mit Fleece-Innenfutter in blau in 115cm und [&hellip;]<\/p>\n","protected":false},"author":2,"featured_media":0,"comment_status":"open","ping_status":"open","sticky":false,"template":"","format":"standard","meta":{"footnotes":""},"categories":[1],"tags":[],"_links":{"self":[{"href":"https:\/\/www.aukjessattelkammer.de\/index.php?rest_route=\/wp\/v2\/posts\/209"}],"collection":[{"href":"https:\/\/www.aukjessattelkammer.de\/index.php?rest_route=\/wp\/v2\/posts"}],"about":[{"href":"https:\/\/www.aukjessattelkammer.de\/index.php?rest_route=\/wp\/v2\/types\/post"}],"author":[{"embeddable":true,"href":"https:\/\/www.aukjessattelkammer.de\/index.php?rest_route=\/wp\/v2\/users\/2"}],"replies":[{"embeddable":true,"href":"https:\/\/www.aukjessattelkammer.de\/index.php?rest_route=%2Fwp%2Fv2%2Fcomments&post=209"}],"version-history":[{"count":2,"href":"https:\/\/www.aukjessattelkammer.de\/index.php?rest_route=\/wp\/v2\/posts\/209\/revisions"}],"predecessor-version":[{"id":211,"href":"https:\/\/www.aukjessattelkammer.de\/index.php?rest_route=\/wp\/v2\/posts\/209\/revisions\/211"}],"wp:attachment":[{"href":"https:\/\/www.aukjessattelkammer.de\/index.php?rest_route=%2Fwp%2Fv2%2Fmedia&parent=209"}],"wp:term":[{"taxonomy":"category","embeddable":true,"href":"https:\/\/www.aukjessattelkammer.de\/index.php?rest_route=%2Fwp%2Fv2%2Fcategories&post=209"},{"taxonomy":"post_tag","embeddable":true,"href":"https:\/\/www.aukjessattelkammer.de\/index.php?rest_route=%2Fwp%2Fv2%2Ftags&post=209"}],"curies":[{"name":"wp","href":"https:\/\/api.w.org\/{rel}","templated":true}]}}